{"id":3986,"date":"2024-01-27T09:18:43","date_gmt":"2024-01-27T09:18:43","guid":{"rendered":"https:\/\/www.parrocchietuscania.it\/chiesatuscania\/?p=3986"},"modified":"2024-01-27T09:18:49","modified_gmt":"2024-01-27T09:18:49","slug":"iv-domenica-t-o-b-28-gennaio-2024","status":"publish","type":"post","link":"https:\/\/www.parrocchietuscania.it\/chiesatuscania\/iv-domenica-t-o-b-28-gennaio-2024\/","title":{"rendered":"IV DOMENICA T. O. B. 28 GENNAIO 2024"},"content":{"rendered":"<p><em>Deuter\u00f2nomio 18,15-20; Salmo 94 (95); 1Cor\u00ecnzi 7,32-35; Marco 1,21-28<\/em><br \/>\n<strong>Parola e Corpo<\/strong><br \/>\nDio cre\u00f2 l\u2019Uomo come sua \u2018immagine somigliante\u2019: Non un essere \u2018diviso\u2019 tra corpo ed anima; nessuna contrapposizione tra valori spirituali e valori fisici. La persona umana, nel suo valore corporeo, non \u00e8 alternativa a Parola: si ascolta con le orecchie, si parla con la bocca, si tocca con le mani. Il corpo \u00e8 per l\u2019odore ed il sapore forte della Parola. Dio manda Parola, fatta Carne, e noi la chiamiamo Ges\u00f9: \u00abIl Signore, tuo Dio, susciter\u00e0 per te un profeta. A lui darete ascolto\u00bb. \u00abSe qualcuno non ascolter\u00e0 le parole che egli dir\u00e0 in mio nome, io gliene domander\u00f2 conto\u00bb e se \u00abil profeta avr\u00e0 la presunzione di dire in mio nome una cosa che io non gli ho comandato di dire, o che parler\u00e0 in nome di altri d\u00e8i, quel profeta dovr\u00e0 morire\u00bb.<!--more-->S. Paolo incoraggia: 1. \u00abFratelli, io vorrei che foste senza preoccupazioni\u00bb. Esiste, nell\u2019uomo non \u2018cristiano\u2019, un forte dualismo: Amor sacro \\ Amor profano. Ges\u00f9, per\u00f2, proclama: \u00abAll\u2019inizio non fu cos\u00ec\u00bb e, occupandosi della condizione transitoria nella quale viviamo, S. Paolo scrive: \u00abChi non \u00e8 sposato si preoccupa delle cose del Signore, come possa piacere al Signore; chi \u00e8 sposato invece si preoccupa delle cose del mondo, come possa piacere alla moglie\u00bb. Il problema non \u00e8 costituito da moglie, marito, campi o case: se l\u2019uomo perde di vista il traguardo dell\u2019unit\u00e0 nel suo essere \u00absi trova diviso!\u00bb. La divisione \u00e8 il peccato: \u00e8 sentirsi \u2018nudo\u2019, mancante di qualcosa. La divisione \u00e8 favorita da una formazione fuorviante: le passioni, vissute come mezzo di divisione, sono in realt\u00e0 fonti vitali di ideali. Senza passioni si \u00e8 mezzi-uomini. Si vive in modo parziale: \u00abla donna non sposata si preoccupa delle cose del Signore, per essere santa nel corpo e nello spirito\u00bb e \u00abla donna sposata si preoccupa di come possa piacere al marito\u00bb. S. Paolo continua: \u00abQuesto lo dico per il vostro bene: non per gettarvi un laccio, perch\u00e9 vi comportiate degnamente e restiate fedeli al Signore\u00bb, senza deviazioni, divisioni, separazioni. La santit\u00e0 \u00e8 il vivere con serenit\u00e0. Ges\u00f9 desidera l\u2019annuncio del Regno, ma non disdegna curare i corpi malati. \u00abEd erano stupiti del suo insegnamento\u00bb: le parole scritte possono suscitare dubbi e stupore. Di Ges\u00f9 si diceva: \u00abegli insegnava loro come uno che ha autorit\u00e0, e non come gli scribi\u00bb. Questo insegnamento \u00e8 strano e non ancora condiviso. Fonte di speranza \u00e8 che il Creato intero \u00e8 in Evoluzione e l\u2019Evoluzione va verso la creazione di una persona indivisa. L\u2019ideale da raggiungere \u00e8 l\u2019immagine somigliante con Ges\u00f9 Cristo, Parola di Dio, fatta carne. 2. L\u2019attuale \u00e8 un mondo fatto per chi sta bene. E si chiama \u2018deforme\u2019 o \u2018difforme\u2019 chi non corrisponde a canoni estetici esteriori. Con ipocrisia usiamo modi di dire per salvare la faccia: \u2018diversamente abili\u2019. E le grandi anime che vivono in corpi deboli rimangono fedeli a Ges\u00f9 Cristo che ha proclamato \u00abBeati voi poveri\u00bb. Si ascolta il prete simpaticone; chi presenta il Vangelo e non se stesso non da tutti viene accolto. \u00c8 la storia di don Lorenzo Milani; \u00e8 la storia di molti profeti! Il corpo aiuta tutto l\u2019essere ad innalzarsi ad altezze sublimi. \u00c8 veicolo di gloria non solo in persone esteticamente piacevoli, ma anche quando spasimi di sudore freddo rapiscono la vita che vien meno. Si dona vita nello stringere mani, nel donare parole, abbracci. Con la scusa di donare la vita si possiede e si offende o ci si dona senza creare l\u2019amore. Distruggere tutto per edificare l\u2019uomo secondo il Vangelo? Questa strada \u00e8 errata. E, forse, dopo la distruzione, verranno cieli nuovi e terra nuova? Cerchiamo sorrisi, occhi, mani. Doniamo, accogliamo.<br \/>\n<em>(didon) <\/em><\/p>\n","protected":false},"excerpt":{"rendered":"<p>Deuter\u00f2nomio 18,15-20; Salmo 94 (95); 1Cor\u00ecnzi 7,32-35; Marco 1,21-28 Parola e Corpo Dio cre\u00f2 l\u2019Uomo come sua \u2018immagine somigliante\u2019: Non un essere \u2018diviso\u2019 tra corpo ed anima; nessuna contrapposizione tra valori spirituali e valori fisici. La persona umana, nel suo valore corporeo, non \u00e8 alternativa a Parola: si ascolta con le orecchie, si parla con [&hellip;]<\/p>\n","protected":false},"author":1,"featured_media":0,"comment_status":"open","ping_status":"open","sticky":false,"template":"","format":"standard","meta":{"footnotes":""},"categories":[10],"tags":[],"class_list":["post-3986","post","type-post","status-publish","format-standard","hentry","category-lectio"],"yoast_head":"<!-- This site is optimized with the Yoast SEO plugin v23.2 - https:\/\/yoast.com\/wordpress\/plugins\/seo\/ -->\n<title>IV DOMENICA T. O. B. 28 GENNAIO 2024 - Blog comunita parrocchiale Chiesa di Tuscania<\/title>\n<meta name=\"robots\" content=\"index, follow, max-snippet:-1, max-image-preview:large, max-video-preview:-1\" \/>\n<link rel=\"canonical\" href=\"https:\/\/www.parrocchietuscania.it\/chiesatuscania\/iv-domenica-t-o-b-28-gennaio-2024\/\" \/>\n<meta property=\"og:locale\" content=\"it_IT\" \/>\n<meta property=\"og:type\" content=\"article\" \/>\n<meta property=\"og:title\" content=\"IV DOMENICA T. O. B. 28 GENNAIO 2024 - Blog comunita parrocchiale Chiesa di Tuscania\" \/>\n<meta property=\"og:description\" content=\"Deuter\u00f2nomio 18,15-20; Salmo 94 (95); 1Cor\u00ecnzi 7,32-35; Marco 1,21-28 Parola e Corpo Dio cre\u00f2 l\u2019Uomo come sua \u2018immagine somigliante\u2019: Non un essere \u2018diviso\u2019 tra corpo ed anima; nessuna contrapposizione tra valori spirituali e valori fisici. La persona umana, nel suo valore corporeo, non \u00e8 alternativa a Parola: si ascolta con le orecchie, si parla con [&hellip;]\" \/>\n<meta property=\"og:url\" content=\"https:\/\/www.parrocchietuscania.it\/chiesatuscania\/iv-domenica-t-o-b-28-gennaio-2024\/\" \/>\n<meta property=\"og:site_name\" content=\"Blog comunita parrocchiale Chiesa di Tuscania\" \/>\n<meta property=\"article:publisher\" content=\"https:\/\/www.facebook.com\/parrocchietuscania\/\" \/>\n<meta property=\"article:published_time\" content=\"2024-01-27T09:18:43+00:00\" \/>\n<meta property=\"article:modified_time\" content=\"2024-01-27T09:18:49+00:00\" \/>\n<meta name=\"author\" content=\"umpasi.1949\" \/>\n<meta name=\"twitter:card\" content=\"summary_large_image\" \/>\n<meta name=\"twitter:label1\" content=\"Scritto da\" \/>\n\t<meta name=\"twitter:data1\" content=\"umpasi.1949\" \/>\n\t<meta name=\"twitter:label2\" content=\"Tempo di lettura stimato\" \/>\n\t<meta name=\"twitter:data2\" content=\"4 minuti\" \/>\n<script type=\"application\/ld+json\" class=\"yoast-schema-graph\">{\"@context\":\"https:\/\/schema.org\",\"@graph\":[{\"@type\":\"Article\",\"@id\":\"https:\/\/www.parrocchietuscania.it\/chiesatuscania\/iv-domenica-t-o-b-28-gennaio-2024\/#article\",\"isPartOf\":{\"@id\":\"https:\/\/www.parrocchietuscania.it\/chiesatuscania\/iv-domenica-t-o-b-28-gennaio-2024\/\"},\"author\":{\"name\":\"umpasi.1949\",\"@id\":\"https:\/\/www.parrocchietuscania.it\/chiesatuscania\/#\/schema\/person\/65ff7c05de34372b9c7f14d49484ef21\"},\"headline\":\"IV DOMENICA T. O. B. 28 GENNAIO 2024\",\"datePublished\":\"2024-01-27T09:18:43+00:00\",\"dateModified\":\"2024-01-27T09:18:49+00:00\",\"mainEntityOfPage\":{\"@id\":\"https:\/\/www.parrocchietuscania.it\/chiesatuscania\/iv-domenica-t-o-b-28-gennaio-2024\/\"},\"wordCount\":613,\"commentCount\":0,\"publisher\":{\"@id\":\"https:\/\/www.parrocchietuscania.it\/chiesatuscania\/#organization\"},\"articleSection\":[\"Lectio\"],\"inLanguage\":\"it-IT\",\"potentialAction\":[{\"@type\":\"CommentAction\",\"name\":\"Comment\",\"target\":[\"https:\/\/www.parrocchietuscania.it\/chiesatuscania\/iv-domenica-t-o-b-28-gennaio-2024\/#respond\"]}]},{\"@type\":\"WebPage\",\"@id\":\"https:\/\/www.parrocchietuscania.it\/chiesatuscania\/iv-domenica-t-o-b-28-gennaio-2024\/\",\"url\":\"https:\/\/www.parrocchietuscania.it\/chiesatuscania\/iv-domenica-t-o-b-28-gennaio-2024\/\",\"name\":\"IV DOMENICA T. O. B. 28 GENNAIO 2024 - Blog comunita parrocchiale Chiesa di Tuscania\",\"isPartOf\":{\"@id\":\"https:\/\/www.parrocchietuscania.it\/chiesatuscania\/#website\"},\"datePublished\":\"2024-01-27T09:18:43+00:00\",\"dateModified\":\"2024-01-27T09:18:49+00:00\",\"breadcrumb\":{\"@id\":\"https:\/\/www.parrocchietuscania.it\/chiesatuscania\/iv-domenica-t-o-b-28-gennaio-2024\/#breadcrumb\"},\"inLanguage\":\"it-IT\",\"potentialAction\":[{\"@type\":\"ReadAction\",\"target\":[\"https:\/\/www.parrocchietuscania.it\/chiesatuscania\/iv-domenica-t-o-b-28-gennaio-2024\/\"]}]},{\"@type\":\"BreadcrumbList\",\"@id\":\"https:\/\/www.parrocchietuscania.it\/chiesatuscania\/iv-domenica-t-o-b-28-gennaio-2024\/#breadcrumb\",\"itemListElement\":[{\"@type\":\"ListItem\",\"position\":1,\"name\":\"Home\",\"item\":\"https:\/\/www.parrocchietuscania.it\/chiesatuscania\/\"},{\"@type\":\"ListItem\",\"position\":2,\"name\":\"IV DOMENICA T. O. B. 28 GENNAIO 2024\"}]},{\"@type\":\"WebSite\",\"@id\":\"https:\/\/www.parrocchietuscania.it\/chiesatuscania\/#website\",\"url\":\"https:\/\/www.parrocchietuscania.it\/chiesatuscania\/\",\"name\":\"Blog comunit\u00e0 parrocchiale di Tuscania - Chiesa di Tuscania _Celebrazioni e Sante Messe Tuscania\",\"description\":\"Blog Chiesa di Tuscania  - parrocchia tuscania - celebrazioni e messe chiesa tuscania\",\"publisher\":{\"@id\":\"https:\/\/www.parrocchietuscania.it\/chiesatuscania\/#organization\"},\"potentialAction\":[{\"@type\":\"SearchAction\",\"target\":{\"@type\":\"EntryPoint\",\"urlTemplate\":\"https:\/\/www.parrocchietuscania.it\/chiesatuscania\/?s={search_term_string}\"},\"query-input\":\"required name=search_term_string\"}],\"inLanguage\":\"it-IT\"},{\"@type\":\"Organization\",\"@id\":\"https:\/\/www.parrocchietuscania.it\/chiesatuscania\/#organization\",\"name\":\"Blog comunit\u00e0 parrocchiale di Tuscania - Chiesa di Tuscania _Celebrazioni e Sante Messe Tuscania\",\"url\":\"https:\/\/www.parrocchietuscania.it\/chiesatuscania\/\",\"logo\":{\"@type\":\"ImageObject\",\"inLanguage\":\"it-IT\",\"@id\":\"https:\/\/www.parrocchietuscania.it\/chiesatuscania\/#\/schema\/logo\/image\/\",\"url\":\"http:\/\/www.parrocchietuscania.it\/chiesatuscania\/wp-content\/uploads\/2022\/12\/cropped-logo_120_120_semitrasparente.gif\",\"contentUrl\":\"http:\/\/www.parrocchietuscania.it\/chiesatuscania\/wp-content\/uploads\/2022\/12\/cropped-logo_120_120_semitrasparente.gif\",\"width\":512,\"height\":512,\"caption\":\"Blog comunit\u00e0 parrocchiale di Tuscania - Chiesa di Tuscania _Celebrazioni e Sante Messe Tuscania\"},\"image\":{\"@id\":\"https:\/\/www.parrocchietuscania.it\/chiesatuscania\/#\/schema\/logo\/image\/\"},\"sameAs\":[\"https:\/\/www.facebook.com\/parrocchietuscania\/\"]},{\"@type\":\"Person\",\"@id\":\"https:\/\/www.parrocchietuscania.it\/chiesatuscania\/#\/schema\/person\/65ff7c05de34372b9c7f14d49484ef21\",\"name\":\"umpasi.1949\",\"image\":{\"@type\":\"ImageObject\",\"inLanguage\":\"it-IT\",\"@id\":\"https:\/\/www.parrocchietuscania.it\/chiesatuscania\/#\/schema\/person\/image\/\",\"url\":\"https:\/\/secure.gravatar.com\/avatar\/8ed0b3a4b3fd5362b66557a5f1aa6d0934bff1d1fc2324f8cd9747be786e38dc?s=96&d=mm&r=g\",\"contentUrl\":\"https:\/\/secure.gravatar.com\/avatar\/8ed0b3a4b3fd5362b66557a5f1aa6d0934bff1d1fc2324f8cd9747be786e38dc?s=96&d=mm&r=g\",\"caption\":\"umpasi.1949\"},\"sameAs\":[\"http:\/\/www.parrocchietuscania.it\/chiesatuscania\"],\"url\":\"https:\/\/www.parrocchietuscania.it\/chiesatuscania\/author\/umpasi-1949\/\"}]}<\/script>\n<!-- \/ Yoast SEO plugin. -->","yoast_head_json":{"title":"IV DOMENICA T. O. B. 28 GENNAIO 2024 - Blog comunita parrocchiale Chiesa di Tuscania","robots":{"index":"index","follow":"follow","max-snippet":"max-snippet:-1","max-image-preview":"max-image-preview:large","max-video-preview":"max-video-preview:-1"},"canonical":"https:\/\/www.parrocchietuscania.it\/chiesatuscania\/iv-domenica-t-o-b-28-gennaio-2024\/","og_locale":"it_IT","og_type":"article","og_title":"IV DOMENICA T. O. B. 28 GENNAIO 2024 - Blog comunita parrocchiale Chiesa di Tuscania","og_description":"Deuter\u00f2nomio 18,15-20; Salmo 94 (95); 1Cor\u00ecnzi 7,32-35; Marco 1,21-28 Parola e Corpo Dio cre\u00f2 l\u2019Uomo come sua \u2018immagine somigliante\u2019: Non un essere \u2018diviso\u2019 tra corpo ed anima; nessuna contrapposizione tra valori spirituali e valori fisici. La persona umana, nel suo valore corporeo, non \u00e8 alternativa a Parola: si ascolta con le orecchie, si parla con [&hellip;]","og_url":"https:\/\/www.parrocchietuscania.it\/chiesatuscania\/iv-domenica-t-o-b-28-gennaio-2024\/","og_site_name":"Blog comunita parrocchiale Chiesa di Tuscania","article_publisher":"https:\/\/www.facebook.com\/parrocchietuscania\/","article_published_time":"2024-01-27T09:18:43+00:00","article_modified_time":"2024-01-27T09:18:49+00:00","author":"umpasi.1949","twitter_card":"summary_large_image","twitter_misc":{"Scritto da":"umpasi.1949","Tempo di lettura stimato":"4 minuti"},"schema":{"@context":"https:\/\/schema.org","@graph":[{"@type":"Article","@id":"https:\/\/www.parrocchietuscania.it\/chiesatuscania\/iv-domenica-t-o-b-28-gennaio-2024\/#article","isPartOf":{"@id":"https:\/\/www.parrocchietuscania.it\/chiesatuscania\/iv-domenica-t-o-b-28-gennaio-2024\/"},"author":{"name":"umpasi.1949","@id":"https:\/\/www.parrocchietuscania.it\/chiesatuscania\/#\/schema\/person\/65ff7c05de34372b9c7f14d49484ef21"},"headline":"IV DOMENICA T. O. B. 28 GENNAIO 2024","datePublished":"2024-01-27T09:18:43+00:00","dateModified":"2024-01-27T09:18:49+00:00","mainEntityOfPage":{"@id":"https:\/\/www.parrocchietuscania.it\/chiesatuscania\/iv-domenica-t-o-b-28-gennaio-2024\/"},"wordCount":613,"commentCount":0,"publisher":{"@id":"https:\/\/www.parrocchietuscania.it\/chiesatuscania\/#organization"},"articleSection":["Lectio"],"inLanguage":"it-IT","potentialAction":[{"@type":"CommentAction","name":"Comment","target":["https:\/\/www.parrocchietuscania.it\/chiesatuscania\/iv-domenica-t-o-b-28-gennaio-2024\/#respond"]}]},{"@type":"WebPage","@id":"https:\/\/www.parrocchietuscania.it\/chiesatuscania\/iv-domenica-t-o-b-28-gennaio-2024\/","url":"https:\/\/www.parrocchietuscania.it\/chiesatuscania\/iv-domenica-t-o-b-28-gennaio-2024\/","name":"IV DOMENICA T. O. B. 28 GENNAIO 2024 - Blog comunita parrocchiale Chiesa di Tuscania","isPartOf":{"@id":"https:\/\/www.parrocchietuscania.it\/chiesatuscania\/#website"},"datePublished":"2024-01-27T09:18:43+00:00","dateModified":"2024-01-27T09:18:49+00:00","breadcrumb":{"@id":"https:\/\/www.parrocchietuscania.it\/chiesatuscania\/iv-domenica-t-o-b-28-gennaio-2024\/#breadcrumb"},"inLanguage":"it-IT","potentialAction":[{"@type":"ReadAction","target":["https:\/\/www.parrocchietuscania.it\/chiesatuscania\/iv-domenica-t-o-b-28-gennaio-2024\/"]}]},{"@type":"BreadcrumbList","@id":"https:\/\/www.parrocchietuscania.it\/chiesatuscania\/iv-domenica-t-o-b-28-gennaio-2024\/#breadcrumb","itemListElement":[{"@type":"ListItem","position":1,"name":"Home","item":"https:\/\/www.parrocchietuscania.it\/chiesatuscania\/"},{"@type":"ListItem","position":2,"name":"IV DOMENICA T. O. B. 28 GENNAIO 2024"}]},{"@type":"WebSite","@id":"https:\/\/www.parrocchietuscania.it\/chiesatuscania\/#website","url":"https:\/\/www.parrocchietuscania.it\/chiesatuscania\/","name":"Blog comunit\u00e0 parrocchiale di Tuscania - Chiesa di Tuscania _Celebrazioni e Sante Messe Tuscania","description":"Blog Chiesa di Tuscania  - parrocchia tuscania - celebrazioni e messe chiesa tuscania","publisher":{"@id":"https:\/\/www.parrocchietuscania.it\/chiesatuscania\/#organization"},"potentialAction":[{"@type":"SearchAction","target":{"@type":"EntryPoint","urlTemplate":"https:\/\/www.parrocchietuscania.it\/chiesatuscania\/?s={search_term_string}"},"query-input":"required name=search_term_string"}],"inLanguage":"it-IT"},{"@type":"Organization","@id":"https:\/\/www.parrocchietuscania.it\/chiesatuscania\/#organization","name":"Blog comunit\u00e0 parrocchiale di Tuscania - Chiesa di Tuscania _Celebrazioni e Sante Messe Tuscania","url":"https:\/\/www.parrocchietuscania.it\/chiesatuscania\/","logo":{"@type":"ImageObject","inLanguage":"it-IT","@id":"https:\/\/www.parrocchietuscania.it\/chiesatuscania\/#\/schema\/logo\/image\/","url":"http:\/\/www.parrocchietuscania.it\/chiesatuscania\/wp-content\/uploads\/2022\/12\/cropped-logo_120_120_semitrasparente.gif","contentUrl":"http:\/\/www.parrocchietuscania.it\/chiesatuscania\/wp-content\/uploads\/2022\/12\/cropped-logo_120_120_semitrasparente.gif","width":512,"height":512,"caption":"Blog comunit\u00e0 parrocchiale di Tuscania - Chiesa di Tuscania _Celebrazioni e Sante Messe Tuscania"},"image":{"@id":"https:\/\/www.parrocchietuscania.it\/chiesatuscania\/#\/schema\/logo\/image\/"},"sameAs":["https:\/\/www.facebook.com\/parrocchietuscania\/"]},{"@type":"Person","@id":"https:\/\/www.parrocchietuscania.it\/chiesatuscania\/#\/schema\/person\/65ff7c05de34372b9c7f14d49484ef21","name":"umpasi.1949","image":{"@type":"ImageObject","inLanguage":"it-IT","@id":"https:\/\/www.parrocchietuscania.it\/chiesatuscania\/#\/schema\/person\/image\/","url":"https:\/\/secure.gravatar.com\/avatar\/8ed0b3a4b3fd5362b66557a5f1aa6d0934bff1d1fc2324f8cd9747be786e38dc?s=96&d=mm&r=g","contentUrl":"https:\/\/secure.gravatar.com\/avatar\/8ed0b3a4b3fd5362b66557a5f1aa6d0934bff1d1fc2324f8cd9747be786e38dc?s=96&d=mm&r=g","caption":"umpasi.1949"},"sameAs":["http:\/\/www.parrocchietuscania.it\/chiesatuscania"],"url":"https:\/\/www.parrocchietuscania.it\/chiesatuscania\/author\/umpasi-1949\/"}]}},"_links":{"self":[{"href":"https:\/\/www.parrocchietuscania.it\/chiesatuscania\/wp-json\/wp\/v2\/posts\/3986","targetHints":{"allow":["GET"]}}],"collection":[{"href":"https:\/\/www.parrocchietuscania.it\/chiesatuscania\/wp-json\/wp\/v2\/posts"}],"about":[{"href":"https:\/\/www.parrocchietuscania.it\/chiesatuscania\/wp-json\/wp\/v2\/types\/post"}],"author":[{"embeddable":true,"href":"https:\/\/www.parrocchietuscania.it\/chiesatuscania\/wp-json\/wp\/v2\/users\/1"}],"replies":[{"embeddable":true,"href":"https:\/\/www.parrocchietuscania.it\/chiesatuscania\/wp-json\/wp\/v2\/comments?post=3986"}],"version-history":[{"count":1,"href":"https:\/\/www.parrocchietuscania.it\/chiesatuscania\/wp-json\/wp\/v2\/posts\/3986\/revisions"}],"predecessor-version":[{"id":3987,"href":"https:\/\/www.parrocchietuscania.it\/chiesatuscania\/wp-json\/wp\/v2\/posts\/3986\/revisions\/3987"}],"wp:attachment":[{"href":"https:\/\/www.parrocchietuscania.it\/chiesatuscania\/wp-json\/wp\/v2\/media?parent=3986"}],"wp:term":[{"taxonomy":"category","embeddable":true,"href":"https:\/\/www.parrocchietuscania.it\/chiesatuscania\/wp-json\/wp\/v2\/categories?post=3986"},{"taxonomy":"post_tag","embeddable":true,"href":"https:\/\/www.parrocchietuscania.it\/chiesatuscania\/wp-json\/wp\/v2\/tags?post=3986"}],"curies":[{"name":"wp","href":"https:\/\/api.w.org\/{rel}","templated":true}]}}