{"id":3953,"date":"2024-01-20T09:47:48","date_gmt":"2024-01-20T09:47:48","guid":{"rendered":"https:\/\/www.parrocchietuscania.it\/chiesatuscania\/?p=3953"},"modified":"2024-01-20T09:52:04","modified_gmt":"2024-01-20T09:52:04","slug":"iii-domenica-t-o-b-21-gennaio-2024-festa-della-parola","status":"publish","type":"post","link":"https:\/\/www.parrocchietuscania.it\/chiesatuscania\/iii-domenica-t-o-b-21-gennaio-2024-festa-della-parola\/","title":{"rendered":"III DOMENICA T. O. B. 21 GENNAIO 2024 &#8211; FESTA DELLA PAROLA"},"content":{"rendered":"<p><em>Giona 3,1-10; Salmo 24 (25); 1Cor\u00ecnzi 7,29-31; Marco 1,14-20<\/em><br \/>\n<strong>Parola &#8211; Verbum<\/strong><br \/>\nLa Parola di Dio \u00e8, forse, divenuta muta? Certo \u00e8 poco annunciata, non cantata, non pregata, a volte ignorata.<br \/>\nUn accorato appello viene per la Festa della Parola: \u00abIl tempo si \u00e8 fatto breve: passa la figura di questo mondo!\u00bb. La Festa della Parola \u00e8 ancora relegata in secondo piano: Francesco l\u2019ha inserita in calendario, ma chi e come la celebra? Forse limitandosi ad annunciare: \u201cOggi \u00e8 la Festa della Parola\u201d?<br \/>\nI credenti si riuniscono per donare ascolto alla Parola e ricevere in dono il Pane: \u00e8 Parola che introduce a Pane. Se non si dona Ascolto, che diritto c\u2019\u00e8 di ricevere Pane? \u00c8 stato insegnato: \u201cLa Messa \u00e8 \u2018bona\u2019 dall\u2019offertorio!\u201d. Quale peccato inconfessato nella Chiesa di Parola fatta Carne!<!--more-->Giona, profeta, ricevette un ordine: \u00ab\u00c0lzati, va&#8217; e annuncia\u00bb. \u00abGiona si alz\u00f2 e and\u00f2 a N\u00ecnive\u00bb ed annunci\u00f2\u00bb: \u00abI cittadini di N\u00ecnive\u00bb compresero \u00abe credettero a Dio\u00bb.<br \/>\nOggi, come Ninive? Si dimentica Parola e si cerca possesso, non Pane. Quello terreno lo neghiamo ai miseri. \u00c8 raro scoprire nelle Creature l\u2019immagine somigliante al Creatore. L\u2019uomo \u00e8 terra; con il \u2018sospiro\u2019 del Creatore diviene essere vivente. Terra \u00e8 ogni possesso: donna, uomo, fidanzata, sposa, bambini. S. Paolo annuncia: \u00abd&#8217;ora innanzi, quelli che hanno moglie, vivano come se non l&#8217;avessero; quelli che piangono, come se non piangessero; quelli che gioiscono, come se non gioissero; quelli che usano i beni del mondo, come se non li usassero pienamente\u00bb. Nulla e nessuno \u00e8 possesso dell\u2019altro; tutto e tutti liberi davanti a Dio per scegliere strade nel costruire insieme il \u2018Giardino\u2019.<br \/>\nNon sar\u00e0 Dio a distruggerci: l\u2019uomo d\u00e0 morte all\u2019uomo; con mani vigliacche accade ogni giorno e se ne domanda conto a Dio![LD1] Che ci si converta come a Ninive: \u00abDio vide le loro opere e si ravvide riguardo al male che aveva minacciato di fare loro e non lo fece\u00bb.<br \/>\nProfeti capaci di scrutare i segni dei tempi sono stati eliminati. Senza Parola la Chiesa non ha anima: si compiono riti; non si celebra la vita. Quante lentezze ed incertezze sul futuro! Dopo i secoli molto luminosi del Medio Evo, detti, per\u00f2, \u2018oscuri\u2019, la Parola nell\u2019Umanesimo \u00e8 caduta in oblio; quasi proibita, si \u00e8 cercato di \u2018incatenarla\u2019, ma la Parola ha rotto le catene.<br \/>\nLa Chiesa, se animata da Parola, genera santi ed annuncia: \u00abIl tempo \u00e8 compiuto e il regno di Dio \u00e8 vicino; convertitevi e credete nel Vangelo\u00bb.<br \/>\n\u2018Sgrammaticare\u2019 e dire non \u2018La Parola\u2019, ma \u2018Il Parola\u2019 \u00e8 doveroso e bello perch\u00e9 Parola \u00e8 Ges\u00f9 Cristo, Parola del Padre fatta Carne. \u00c8 persona, non cosa. Chiama: \u00abVenite dietro a me, vi far\u00f2 diventare pescatori di uomini\u00bb.<br \/>\n\u00abE subito lasciarono le reti e lo seguirono\u00bb: si \u00e8 capaci di abbandonare egoismi e scegliere Amore?<br \/>\n\u00abSubito li chiam\u00f2\u00bb: tutti chiamati; tutti richiesti. \u00abEd essi lasciarono il loro padre Zebed\u00e8o nella barca con i garzoni e andarono dietro a lui\u00bb. La risposta non pu\u00f2 essere: \u201cNon \u00e8 compito mio. E che c\u2019entro io?\u201d.<br \/>\nNon si tratta di lasciare il padre: gi\u00e0 lo abbiamo consegnato all\u2019ospizio. Non serve pi\u00f9. Quando non lo abbiamo ucciso. Lo abbiamo incatenato, ma la Parola di Dio non sar\u00e0 mai incatenata. Sempre tirer\u00e0 per i piedi i credenti per correggere il passo e la strada. Uomini santi sono viventi anche ora: vengono ostacolati e demoliti. La Parola soffia dove vuole e, quando chi deve annunciarla pensa a progetti umani, Dio attiva progetti per mezzo di profeti. Non si riuscir\u00e0 ad eliminare e zittire tutti i profeti.<br \/>\n(didon)<\/p>\n","protected":false},"excerpt":{"rendered":"<p>Giona 3,1-10; Salmo 24 (25); 1Cor\u00ecnzi 7,29-31; Marco 1,14-20 Parola &#8211; Verbum La Parola di Dio \u00e8, forse, divenuta muta? Certo \u00e8 poco annunciata, non cantata, non pregata, a volte ignorata. Un accorato appello viene per la Festa della Parola: \u00abIl tempo si \u00e8 fatto breve: passa la figura di questo mondo!\u00bb. La Festa della [&hellip;]<\/p>\n","protected":false},"author":1,"featured_media":0,"comment_status":"open","ping_status":"open","sticky":false,"template":"","format":"standard","meta":{"footnotes":""},"categories":[10],"tags":[],"class_list":["post-3953","post","type-post","status-publish","format-standard","hentry","category-lectio"],"yoast_head":"<!-- This site is optimized with the Yoast SEO plugin v23.2 - https:\/\/yoast.com\/wordpress\/plugins\/seo\/ -->\n<title>III DOMENICA T. O. B. 21 GENNAIO 2024 - FESTA DELLA PAROLA - Blog comunita parrocchiale Chiesa di Tuscania<\/title>\n<meta name=\"robots\" content=\"index, follow, max-snippet:-1, max-image-preview:large, max-video-preview:-1\" \/>\n<link rel=\"canonical\" href=\"https:\/\/www.parrocchietuscania.it\/chiesatuscania\/iii-domenica-t-o-b-21-gennaio-2024-festa-della-parola\/\" \/>\n<meta property=\"og:locale\" content=\"it_IT\" \/>\n<meta property=\"og:type\" content=\"article\" \/>\n<meta property=\"og:title\" content=\"III DOMENICA T. O. B. 21 GENNAIO 2024 - FESTA DELLA PAROLA - Blog comunita parrocchiale Chiesa di Tuscania\" \/>\n<meta property=\"og:description\" content=\"Giona 3,1-10; Salmo 24 (25); 1Cor\u00ecnzi 7,29-31; Marco 1,14-20 Parola &#8211; Verbum La Parola di Dio \u00e8, forse, divenuta muta? Certo \u00e8 poco annunciata, non cantata, non pregata, a volte ignorata. Un accorato appello viene per la Festa della Parola: \u00abIl tempo si \u00e8 fatto breve: passa la figura di questo mondo!\u00bb. La Festa della [&hellip;]\" \/>\n<meta property=\"og:url\" content=\"https:\/\/www.parrocchietuscania.it\/chiesatuscania\/iii-domenica-t-o-b-21-gennaio-2024-festa-della-parola\/\" \/>\n<meta property=\"og:site_name\" content=\"Blog comunita parrocchiale Chiesa di Tuscania\" \/>\n<meta property=\"article:publisher\" content=\"https:\/\/www.facebook.com\/parrocchietuscania\/\" \/>\n<meta property=\"article:published_time\" content=\"2024-01-20T09:47:48+00:00\" \/>\n<meta property=\"article:modified_time\" content=\"2024-01-20T09:52:04+00:00\" \/>\n<meta name=\"author\" content=\"umpasi.1949\" \/>\n<meta name=\"twitter:card\" content=\"summary_large_image\" \/>\n<meta name=\"twitter:label1\" content=\"Scritto da\" \/>\n\t<meta name=\"twitter:data1\" content=\"umpasi.1949\" \/>\n\t<meta name=\"twitter:label2\" content=\"Tempo di lettura stimato\" \/>\n\t<meta name=\"twitter:data2\" content=\"4 minuti\" \/>\n<script type=\"application\/ld+json\" class=\"yoast-schema-graph\">{\"@context\":\"https:\/\/schema.org\",\"@graph\":[{\"@type\":\"Article\",\"@id\":\"https:\/\/www.parrocchietuscania.it\/chiesatuscania\/iii-domenica-t-o-b-21-gennaio-2024-festa-della-parola\/#article\",\"isPartOf\":{\"@id\":\"https:\/\/www.parrocchietuscania.it\/chiesatuscania\/iii-domenica-t-o-b-21-gennaio-2024-festa-della-parola\/\"},\"author\":{\"name\":\"umpasi.1949\",\"@id\":\"https:\/\/www.parrocchietuscania.it\/chiesatuscania\/#\/schema\/person\/65ff7c05de34372b9c7f14d49484ef21\"},\"headline\":\"III DOMENICA T. O. B. 21 GENNAIO 2024 &#8211; FESTA DELLA PAROLA\",\"datePublished\":\"2024-01-20T09:47:48+00:00\",\"dateModified\":\"2024-01-20T09:52:04+00:00\",\"mainEntityOfPage\":{\"@id\":\"https:\/\/www.parrocchietuscania.it\/chiesatuscania\/iii-domenica-t-o-b-21-gennaio-2024-festa-della-parola\/\"},\"wordCount\":590,\"commentCount\":0,\"publisher\":{\"@id\":\"https:\/\/www.parrocchietuscania.it\/chiesatuscania\/#organization\"},\"articleSection\":[\"Lectio\"],\"inLanguage\":\"it-IT\",\"potentialAction\":[{\"@type\":\"CommentAction\",\"name\":\"Comment\",\"target\":[\"https:\/\/www.parrocchietuscania.it\/chiesatuscania\/iii-domenica-t-o-b-21-gennaio-2024-festa-della-parola\/#respond\"]}]},{\"@type\":\"WebPage\",\"@id\":\"https:\/\/www.parrocchietuscania.it\/chiesatuscania\/iii-domenica-t-o-b-21-gennaio-2024-festa-della-parola\/\",\"url\":\"https:\/\/www.parrocchietuscania.it\/chiesatuscania\/iii-domenica-t-o-b-21-gennaio-2024-festa-della-parola\/\",\"name\":\"III DOMENICA T. O. B. 21 GENNAIO 2024 - FESTA DELLA PAROLA - Blog comunita parrocchiale Chiesa di Tuscania\",\"isPartOf\":{\"@id\":\"https:\/\/www.parrocchietuscania.it\/chiesatuscania\/#website\"},\"datePublished\":\"2024-01-20T09:47:48+00:00\",\"dateModified\":\"2024-01-20T09:52:04+00:00\",\"breadcrumb\":{\"@id\":\"https:\/\/www.parrocchietuscania.it\/chiesatuscania\/iii-domenica-t-o-b-21-gennaio-2024-festa-della-parola\/#breadcrumb\"},\"inLanguage\":\"it-IT\",\"potentialAction\":[{\"@type\":\"ReadAction\",\"target\":[\"https:\/\/www.parrocchietuscania.it\/chiesatuscania\/iii-domenica-t-o-b-21-gennaio-2024-festa-della-parola\/\"]}]},{\"@type\":\"BreadcrumbList\",\"@id\":\"https:\/\/www.parrocchietuscania.it\/chiesatuscania\/iii-domenica-t-o-b-21-gennaio-2024-festa-della-parola\/#breadcrumb\",\"itemListElement\":[{\"@type\":\"ListItem\",\"position\":1,\"name\":\"Home\",\"item\":\"https:\/\/www.parrocchietuscania.it\/chiesatuscania\/\"},{\"@type\":\"ListItem\",\"position\":2,\"name\":\"III DOMENICA T. O. B. 21 GENNAIO 2024 &#8211; FESTA DELLA PAROLA\"}]},{\"@type\":\"WebSite\",\"@id\":\"https:\/\/www.parrocchietuscania.it\/chiesatuscania\/#website\",\"url\":\"https:\/\/www.parrocchietuscania.it\/chiesatuscania\/\",\"name\":\"Blog comunit\u00e0 parrocchiale di Tuscania - Chiesa di Tuscania _Celebrazioni e Sante Messe Tuscania\",\"description\":\"Blog Chiesa di Tuscania  - parrocchia tuscania - celebrazioni e messe chiesa tuscania\",\"publisher\":{\"@id\":\"https:\/\/www.parrocchietuscania.it\/chiesatuscania\/#organization\"},\"potentialAction\":[{\"@type\":\"SearchAction\",\"target\":{\"@type\":\"EntryPoint\",\"urlTemplate\":\"https:\/\/www.parrocchietuscania.it\/chiesatuscania\/?s={search_term_string}\"},\"query-input\":\"required name=search_term_string\"}],\"inLanguage\":\"it-IT\"},{\"@type\":\"Organization\",\"@id\":\"https:\/\/www.parrocchietuscania.it\/chiesatuscania\/#organization\",\"name\":\"Blog comunit\u00e0 parrocchiale di Tuscania - Chiesa di Tuscania _Celebrazioni e Sante Messe Tuscania\",\"url\":\"https:\/\/www.parrocchietuscania.it\/chiesatuscania\/\",\"logo\":{\"@type\":\"ImageObject\",\"inLanguage\":\"it-IT\",\"@id\":\"https:\/\/www.parrocchietuscania.it\/chiesatuscania\/#\/schema\/logo\/image\/\",\"url\":\"http:\/\/www.parrocchietuscania.it\/chiesatuscania\/wp-content\/uploads\/2022\/12\/cropped-logo_120_120_semitrasparente.gif\",\"contentUrl\":\"http:\/\/www.parrocchietuscania.it\/chiesatuscania\/wp-content\/uploads\/2022\/12\/cropped-logo_120_120_semitrasparente.gif\",\"width\":512,\"height\":512,\"caption\":\"Blog comunit\u00e0 parrocchiale di Tuscania - Chiesa di Tuscania _Celebrazioni e Sante Messe Tuscania\"},\"image\":{\"@id\":\"https:\/\/www.parrocchietuscania.it\/chiesatuscania\/#\/schema\/logo\/image\/\"},\"sameAs\":[\"https:\/\/www.facebook.com\/parrocchietuscania\/\"]},{\"@type\":\"Person\",\"@id\":\"https:\/\/www.parrocchietuscania.it\/chiesatuscania\/#\/schema\/person\/65ff7c05de34372b9c7f14d49484ef21\",\"name\":\"umpasi.1949\",\"image\":{\"@type\":\"ImageObject\",\"inLanguage\":\"it-IT\",\"@id\":\"https:\/\/www.parrocchietuscania.it\/chiesatuscania\/#\/schema\/person\/image\/\",\"url\":\"https:\/\/secure.gravatar.com\/avatar\/8ed0b3a4b3fd5362b66557a5f1aa6d0934bff1d1fc2324f8cd9747be786e38dc?s=96&d=mm&r=g\",\"contentUrl\":\"https:\/\/secure.gravatar.com\/avatar\/8ed0b3a4b3fd5362b66557a5f1aa6d0934bff1d1fc2324f8cd9747be786e38dc?s=96&d=mm&r=g\",\"caption\":\"umpasi.1949\"},\"sameAs\":[\"http:\/\/www.parrocchietuscania.it\/chiesatuscania\"],\"url\":\"https:\/\/www.parrocchietuscania.it\/chiesatuscania\/author\/umpasi-1949\/\"}]}<\/script>\n<!-- \/ Yoast SEO plugin. -->","yoast_head_json":{"title":"III DOMENICA T. O. B. 21 GENNAIO 2024 - FESTA DELLA PAROLA - Blog comunita parrocchiale Chiesa di Tuscania","robots":{"index":"index","follow":"follow","max-snippet":"max-snippet:-1","max-image-preview":"max-image-preview:large","max-video-preview":"max-video-preview:-1"},"canonical":"https:\/\/www.parrocchietuscania.it\/chiesatuscania\/iii-domenica-t-o-b-21-gennaio-2024-festa-della-parola\/","og_locale":"it_IT","og_type":"article","og_title":"III DOMENICA T. O. B. 21 GENNAIO 2024 - FESTA DELLA PAROLA - Blog comunita parrocchiale Chiesa di Tuscania","og_description":"Giona 3,1-10; Salmo 24 (25); 1Cor\u00ecnzi 7,29-31; Marco 1,14-20 Parola &#8211; Verbum La Parola di Dio \u00e8, forse, divenuta muta? Certo \u00e8 poco annunciata, non cantata, non pregata, a volte ignorata. Un accorato appello viene per la Festa della Parola: \u00abIl tempo si \u00e8 fatto breve: passa la figura di questo mondo!\u00bb. La Festa della [&hellip;]","og_url":"https:\/\/www.parrocchietuscania.it\/chiesatuscania\/iii-domenica-t-o-b-21-gennaio-2024-festa-della-parola\/","og_site_name":"Blog comunita parrocchiale Chiesa di Tuscania","article_publisher":"https:\/\/www.facebook.com\/parrocchietuscania\/","article_published_time":"2024-01-20T09:47:48+00:00","article_modified_time":"2024-01-20T09:52:04+00:00","author":"umpasi.1949","twitter_card":"summary_large_image","twitter_misc":{"Scritto da":"umpasi.1949","Tempo di lettura stimato":"4 minuti"},"schema":{"@context":"https:\/\/schema.org","@graph":[{"@type":"Article","@id":"https:\/\/www.parrocchietuscania.it\/chiesatuscania\/iii-domenica-t-o-b-21-gennaio-2024-festa-della-parola\/#article","isPartOf":{"@id":"https:\/\/www.parrocchietuscania.it\/chiesatuscania\/iii-domenica-t-o-b-21-gennaio-2024-festa-della-parola\/"},"author":{"name":"umpasi.1949","@id":"https:\/\/www.parrocchietuscania.it\/chiesatuscania\/#\/schema\/person\/65ff7c05de34372b9c7f14d49484ef21"},"headline":"III DOMENICA T. O. B. 21 GENNAIO 2024 &#8211; FESTA DELLA PAROLA","datePublished":"2024-01-20T09:47:48+00:00","dateModified":"2024-01-20T09:52:04+00:00","mainEntityOfPage":{"@id":"https:\/\/www.parrocchietuscania.it\/chiesatuscania\/iii-domenica-t-o-b-21-gennaio-2024-festa-della-parola\/"},"wordCount":590,"commentCount":0,"publisher":{"@id":"https:\/\/www.parrocchietuscania.it\/chiesatuscania\/#organization"},"articleSection":["Lectio"],"inLanguage":"it-IT","potentialAction":[{"@type":"CommentAction","name":"Comment","target":["https:\/\/www.parrocchietuscania.it\/chiesatuscania\/iii-domenica-t-o-b-21-gennaio-2024-festa-della-parola\/#respond"]}]},{"@type":"WebPage","@id":"https:\/\/www.parrocchietuscania.it\/chiesatuscania\/iii-domenica-t-o-b-21-gennaio-2024-festa-della-parola\/","url":"https:\/\/www.parrocchietuscania.it\/chiesatuscania\/iii-domenica-t-o-b-21-gennaio-2024-festa-della-parola\/","name":"III DOMENICA T. O. B. 21 GENNAIO 2024 - FESTA DELLA PAROLA - Blog comunita parrocchiale Chiesa di Tuscania","isPartOf":{"@id":"https:\/\/www.parrocchietuscania.it\/chiesatuscania\/#website"},"datePublished":"2024-01-20T09:47:48+00:00","dateModified":"2024-01-20T09:52:04+00:00","breadcrumb":{"@id":"https:\/\/www.parrocchietuscania.it\/chiesatuscania\/iii-domenica-t-o-b-21-gennaio-2024-festa-della-parola\/#breadcrumb"},"inLanguage":"it-IT","potentialAction":[{"@type":"ReadAction","target":["https:\/\/www.parrocchietuscania.it\/chiesatuscania\/iii-domenica-t-o-b-21-gennaio-2024-festa-della-parola\/"]}]},{"@type":"BreadcrumbList","@id":"https:\/\/www.parrocchietuscania.it\/chiesatuscania\/iii-domenica-t-o-b-21-gennaio-2024-festa-della-parola\/#breadcrumb","itemListElement":[{"@type":"ListItem","position":1,"name":"Home","item":"https:\/\/www.parrocchietuscania.it\/chiesatuscania\/"},{"@type":"ListItem","position":2,"name":"III DOMENICA T. O. B. 21 GENNAIO 2024 &#8211; FESTA DELLA PAROLA"}]},{"@type":"WebSite","@id":"https:\/\/www.parrocchietuscania.it\/chiesatuscania\/#website","url":"https:\/\/www.parrocchietuscania.it\/chiesatuscania\/","name":"Blog comunit\u00e0 parrocchiale di Tuscania - Chiesa di Tuscania _Celebrazioni e Sante Messe Tuscania","description":"Blog Chiesa di Tuscania  - parrocchia tuscania - celebrazioni e messe chiesa tuscania","publisher":{"@id":"https:\/\/www.parrocchietuscania.it\/chiesatuscania\/#organization"},"potentialAction":[{"@type":"SearchAction","target":{"@type":"EntryPoint","urlTemplate":"https:\/\/www.parrocchietuscania.it\/chiesatuscania\/?s={search_term_string}"},"query-input":"required name=search_term_string"}],"inLanguage":"it-IT"},{"@type":"Organization","@id":"https:\/\/www.parrocchietuscania.it\/chiesatuscania\/#organization","name":"Blog comunit\u00e0 parrocchiale di Tuscania - Chiesa di Tuscania _Celebrazioni e Sante Messe Tuscania","url":"https:\/\/www.parrocchietuscania.it\/chiesatuscania\/","logo":{"@type":"ImageObject","inLanguage":"it-IT","@id":"https:\/\/www.parrocchietuscania.it\/chiesatuscania\/#\/schema\/logo\/image\/","url":"http:\/\/www.parrocchietuscania.it\/chiesatuscania\/wp-content\/uploads\/2022\/12\/cropped-logo_120_120_semitrasparente.gif","contentUrl":"http:\/\/www.parrocchietuscania.it\/chiesatuscania\/wp-content\/uploads\/2022\/12\/cropped-logo_120_120_semitrasparente.gif","width":512,"height":512,"caption":"Blog comunit\u00e0 parrocchiale di Tuscania - Chiesa di Tuscania _Celebrazioni e Sante Messe Tuscania"},"image":{"@id":"https:\/\/www.parrocchietuscania.it\/chiesatuscania\/#\/schema\/logo\/image\/"},"sameAs":["https:\/\/www.facebook.com\/parrocchietuscania\/"]},{"@type":"Person","@id":"https:\/\/www.parrocchietuscania.it\/chiesatuscania\/#\/schema\/person\/65ff7c05de34372b9c7f14d49484ef21","name":"umpasi.1949","image":{"@type":"ImageObject","inLanguage":"it-IT","@id":"https:\/\/www.parrocchietuscania.it\/chiesatuscania\/#\/schema\/person\/image\/","url":"https:\/\/secure.gravatar.com\/avatar\/8ed0b3a4b3fd5362b66557a5f1aa6d0934bff1d1fc2324f8cd9747be786e38dc?s=96&d=mm&r=g","contentUrl":"https:\/\/secure.gravatar.com\/avatar\/8ed0b3a4b3fd5362b66557a5f1aa6d0934bff1d1fc2324f8cd9747be786e38dc?s=96&d=mm&r=g","caption":"umpasi.1949"},"sameAs":["http:\/\/www.parrocchietuscania.it\/chiesatuscania"],"url":"https:\/\/www.parrocchietuscania.it\/chiesatuscania\/author\/umpasi-1949\/"}]}},"_links":{"self":[{"href":"https:\/\/www.parrocchietuscania.it\/chiesatuscania\/wp-json\/wp\/v2\/posts\/3953","targetHints":{"allow":["GET"]}}],"collection":[{"href":"https:\/\/www.parrocchietuscania.it\/chiesatuscania\/wp-json\/wp\/v2\/posts"}],"about":[{"href":"https:\/\/www.parrocchietuscania.it\/chiesatuscania\/wp-json\/wp\/v2\/types\/post"}],"author":[{"embeddable":true,"href":"https:\/\/www.parrocchietuscania.it\/chiesatuscania\/wp-json\/wp\/v2\/users\/1"}],"replies":[{"embeddable":true,"href":"https:\/\/www.parrocchietuscania.it\/chiesatuscania\/wp-json\/wp\/v2\/comments?post=3953"}],"version-history":[{"count":1,"href":"https:\/\/www.parrocchietuscania.it\/chiesatuscania\/wp-json\/wp\/v2\/posts\/3953\/revisions"}],"predecessor-version":[{"id":3954,"href":"https:\/\/www.parrocchietuscania.it\/chiesatuscania\/wp-json\/wp\/v2\/posts\/3953\/revisions\/3954"}],"wp:attachment":[{"href":"https:\/\/www.parrocchietuscania.it\/chiesatuscania\/wp-json\/wp\/v2\/media?parent=3953"}],"wp:term":[{"taxonomy":"category","embeddable":true,"href":"https:\/\/www.parrocchietuscania.it\/chiesatuscania\/wp-json\/wp\/v2\/categories?post=3953"},{"taxonomy":"post_tag","embeddable":true,"href":"https:\/\/www.parrocchietuscania.it\/chiesatuscania\/wp-json\/wp\/v2\/tags?post=3953"}],"curies":[{"name":"wp","href":"https:\/\/api.w.org\/{rel}","templated":true}]}}