{"id":3944,"date":"2024-01-14T07:02:50","date_gmt":"2024-01-14T07:02:50","guid":{"rendered":"https:\/\/www.parrocchietuscania.it\/chiesatuscania\/?p=3944"},"modified":"2024-01-14T07:12:45","modified_gmt":"2024-01-14T07:12:45","slug":"ii-domenica-del-tempo-ordinario-b-14-gennaio-2024","status":"publish","type":"post","link":"https:\/\/www.parrocchietuscania.it\/chiesatuscania\/ii-domenica-del-tempo-ordinario-b-14-gennaio-2024\/","title":{"rendered":"II DOMENICA DEL TEMPO ORDINARIO \u2013 B. 14 GENNAIO 2024"},"content":{"rendered":"<p><em>Samu\u00e8le 3,1-10.19-20; Salmo 39 (40); 1Cor\u00ecnzi 6,13c-15a.17-20; Giovanni 1,35-42<\/em><br \/>\n<strong>Teologia del Corpo<\/strong><br \/>\n1. \u00abLa parola del Signore era rara\u00bb nei giorni di Eli profeta. Il frastuono era ostacolo all\u2019ascolto del Signore Dio. Un fanciullo, nel silenzio, nell\u2019ascolto e nell\u2019assistenza di Eli era in attesa della Parola: \u00abIl Signore chiam\u00f2 il fanciullo: Samu\u00e8le!\u00bb. Samuele sobbalz\u00f2 in tutto il suo essere \u00abe rispose: Eccomi; parla, Signore, perch\u00e9 il tuo servo ti ascolta\u00bb.<br \/>\nIl corpo anziano e debole di Eli non pose impedimenti alla Parola ed essa prese vita e si fece ascoltare.<br \/>\n2. Giovanni il battezzatore ravviv\u00f2 il desiderio di redenzione da schiavit\u00f9 antiche ed annunci\u00f2: \u00abEcco l&#8217;agnello di Dio\u00bb.<!--more--> Stroncata la presenza fisica di Giovanni, risorgono ideali e danno occasione a Ges\u00f9 di domandare: \u00abChe cosa cercate?\u00bb.<br \/>\nI discepoli di Giovanni donano risposta: \u00abRabb\u00ec &#8211; Maestro -, dove dimori?\u00bb. Cessano gli ideali, il corpo \u00e8 sfruttato per esercitare potere; lo spirito, il corpo divengono equivoci e contrastanti. Dimentichi dei valori fondamentali, ci si rifugia in una estetica formale ed esteriore, incurante di coscienze e cuori e la Parola rimane inascoltata. La pubblicit\u00e0 sfrutta il profondo dell\u2019essere umano a fini economici e pone in alternanza il corpo e gli ideali.<br \/>\nIn questo deserto la Parola diviene invito ad una esperienza di vita: \u00abVenite e vedrete\u00bb. L\u2019invito, accolto, coinvolge i puri di cuore che diffondono la Parola non pi\u00f9 rara: \u00abAbbiamo trovato il Messia\u00bb. Il fratello invita il fratello \u00abe lo condusse da Ges\u00f9\u00bb. Ges\u00f9, \u00abfissando lo sguardo su di lui\u00bb, gli profetizz\u00f2: \u00abTu sei Simone, il figlio di Giovanni; sarai chiamato \u2018Cefa\u2019, che significa Pietra\u00bb.<br \/>\nDel corpo abbiamo idea come di peccato. \u00c8 stata edificata una Terra per ricchi e potenti, per chi si sente padrone del corpo e dell\u2019esistenza degli altri. \u00c8 questo il momento dell\u2019incontro sorprendente nell\u2019essere e nell\u2019operare: \u2018Tu chi sei?\u2019. Un pescatore, un imprenditore. \u2018Diverrai altro: ti cambio la vita\u2019.<br \/>\n3. Dal corpo di Ges\u00f9 Cristo, straziato dalla Croce e finalmente risorto, sorge la trasformazione di un corpo asservito dall\u2019uomo e glorificato da Dio: \u00absiete stati comprati a caro prezzo: glorificate dunque Dio nel vostro corpo!\u00bb<br \/>\nVuoi una spiegazione? Soltanto quella della Parola: \u00abDio, che ha risuscitato il Signore, risusciter\u00e0 anche noi con la sua potenza\u00bb. \u00c8 invito a prender coscienza che \u00abchi si unisce al Signore forma con lui un solo spirito\u00bb.<br \/>\nQuesto spirito, il vostro corpo \u00ablo ha ricevuto da Dio e voi non appartenete a voi stessi\u00bb.<br \/>\n\u00c8 invito a riconoscere la dignit\u00e0 ed identit\u00e0 del cristiano: \u00abNon sapete che il vostro corpo \u00e8 tempio dello Spirito Santo, che \u00e8 in voi?\u00bb: alla domanda di S. Paolo dobbiamo risposte adeguate. Poche risposte sono scritte, perch\u00e9 per effimeri ideali il corpo \u00e8 vissuto. Molto rimane da scrivere: non il Libro, ma come viviamo il nostro essere corporeo, come lo stimiamo. Non serve a molto sapere cosa \u00e8 corpo, ma quale futuro possa attingere: il corpo \u00e8 una sinfonia ed una musicalit\u00e0 da crescere dai toni eccelsi ai gravi, come un organo di chiesa dalla Celesta al Subbasso, dal Grande Ripieno al Flauto traverso. \u00c8 poesia? Anche la poesia \u00e8 verit\u00e0 ed \u00e8 di questo che il corpo ha bisogno d\u2019esser nutrito; di questo vive. Quando il corpo si esalta in una espressione interiore, artistica, atletica, riesce a far vivere insieme il corpo e lo spirito, a farne una sola persona, valore che non ci siamo impegnati a chiarire, eppure ci si illude di conoscere.<br \/>\nSi ripete in giorni di guerra: \u2018Sono troppe le vittime civili!\u2019. Sapete dire qual \u00e8 il numero di morti civili tollerabile? E i militari: hanno un corpo e una carne da cannone? Del corpo ne abbiamo fatto strumento di odio, di morte, dimenticando la parola di S. Paolo: \u00abNon sapete che i vostri corpi sono membra di Cristo?\u00bb. E, se sono di Cristo, come mai, per una abitudine diseducativa, li descriviamo come peccato? \u00abIl corpo non \u00e8 per l&#8217;impurit\u00e0, ma per il Signore, e il Signore \u00e8 per il corpo\u00bb.<br \/>\nIl Covid \u00e8 stato cos\u00ec assassino da impedire l\u2019esser vicini a chi ci voleva vicini nel dolore: \u2018Vorrei una mano che mi stringa la mano!\u2019. Dentro di noi viviamo questa insopprimibile aspirazione ed attesa di aver un corpo, una persona capace d\u2019amore, vicina. Disumano \u00e8 il Covid perch\u00e9 allontana da quella mano che sola pu\u00f2 consegnare serenamente ed in lacrime a Dio. Disumano \u00e8 perch\u00e9 deturpa e distrugge l\u2019incontro e la libert\u00e0 di congiungere, negli ultimi momenti terreni, il cielo e la terra.<br \/>\nInvenzione retorica? No! Invenzione della preghiera insegnata da Ges\u00f9: \u00abPadre, sia santificato il tuo nome,<br \/>\nvenga il tuo regno; dacci ogni giorno il nostro pane quotidiano, e perdonaci i nostri peccati, perch\u00e9 anche noi perdoniamo ad ogni nostro debitore, e non ci indurre in tentazione\u00bb. Il corpo e lo spirito vivono la medesima dignit\u00e0 ed identit\u00e0 nella volont\u00e0 del Padre.<br \/>\n(didon)<\/p>\n","protected":false},"excerpt":{"rendered":"<p>Samu\u00e8le 3,1-10.19-20; Salmo 39 (40); 1Cor\u00ecnzi 6,13c-15a.17-20; Giovanni 1,35-42 Teologia del Corpo 1. \u00abLa parola del Signore era rara\u00bb nei giorni di Eli profeta. Il frastuono era ostacolo all\u2019ascolto del Signore Dio. Un fanciullo, nel silenzio, nell\u2019ascolto e nell\u2019assistenza di Eli era in attesa della Parola: \u00abIl Signore chiam\u00f2 il fanciullo: Samu\u00e8le!\u00bb. Samuele sobbalz\u00f2 in [&hellip;]<\/p>\n","protected":false},"author":1,"featured_media":0,"comment_status":"open","ping_status":"open","sticky":false,"template":"","format":"standard","meta":{"footnotes":""},"categories":[10],"tags":[],"class_list":["post-3944","post","type-post","status-publish","format-standard","hentry","category-lectio"],"yoast_head":"<!-- This site is optimized with the Yoast SEO plugin v23.2 - https:\/\/yoast.com\/wordpress\/plugins\/seo\/ -->\n<title>II DOMENICA DEL TEMPO ORDINARIO \u2013 B. 14 GENNAIO 2024 - Blog comunita parrocchiale Chiesa di Tuscania<\/title>\n<meta name=\"robots\" content=\"index, follow, max-snippet:-1, max-image-preview:large, max-video-preview:-1\" \/>\n<link rel=\"canonical\" href=\"https:\/\/www.parrocchietuscania.it\/chiesatuscania\/ii-domenica-del-tempo-ordinario-b-14-gennaio-2024\/\" \/>\n<meta property=\"og:locale\" content=\"it_IT\" \/>\n<meta property=\"og:type\" content=\"article\" \/>\n<meta property=\"og:title\" content=\"II DOMENICA DEL TEMPO ORDINARIO \u2013 B. 14 GENNAIO 2024 - Blog comunita parrocchiale Chiesa di Tuscania\" \/>\n<meta property=\"og:description\" content=\"Samu\u00e8le 3,1-10.19-20; Salmo 39 (40); 1Cor\u00ecnzi 6,13c-15a.17-20; Giovanni 1,35-42 Teologia del Corpo 1. \u00abLa parola del Signore era rara\u00bb nei giorni di Eli profeta. Il frastuono era ostacolo all\u2019ascolto del Signore Dio. Un fanciullo, nel silenzio, nell\u2019ascolto e nell\u2019assistenza di Eli era in attesa della Parola: \u00abIl Signore chiam\u00f2 il fanciullo: Samu\u00e8le!\u00bb. Samuele sobbalz\u00f2 in [&hellip;]\" \/>\n<meta property=\"og:url\" content=\"https:\/\/www.parrocchietuscania.it\/chiesatuscania\/ii-domenica-del-tempo-ordinario-b-14-gennaio-2024\/\" \/>\n<meta property=\"og:site_name\" content=\"Blog comunita parrocchiale Chiesa di Tuscania\" \/>\n<meta property=\"article:publisher\" content=\"https:\/\/www.facebook.com\/parrocchietuscania\/\" \/>\n<meta property=\"article:published_time\" content=\"2024-01-14T07:02:50+00:00\" \/>\n<meta property=\"article:modified_time\" content=\"2024-01-14T07:12:45+00:00\" \/>\n<meta name=\"author\" content=\"umpasi.1949\" \/>\n<meta name=\"twitter:card\" content=\"summary_large_image\" \/>\n<meta name=\"twitter:label1\" content=\"Scritto da\" \/>\n\t<meta name=\"twitter:data1\" content=\"umpasi.1949\" \/>\n\t<meta name=\"twitter:label2\" content=\"Tempo di lettura stimato\" \/>\n\t<meta name=\"twitter:data2\" content=\"5 minuti\" \/>\n<script type=\"application\/ld+json\" class=\"yoast-schema-graph\">{\"@context\":\"https:\/\/schema.org\",\"@graph\":[{\"@type\":\"Article\",\"@id\":\"https:\/\/www.parrocchietuscania.it\/chiesatuscania\/ii-domenica-del-tempo-ordinario-b-14-gennaio-2024\/#article\",\"isPartOf\":{\"@id\":\"https:\/\/www.parrocchietuscania.it\/chiesatuscania\/ii-domenica-del-tempo-ordinario-b-14-gennaio-2024\/\"},\"author\":{\"name\":\"umpasi.1949\",\"@id\":\"https:\/\/www.parrocchietuscania.it\/chiesatuscania\/#\/schema\/person\/65ff7c05de34372b9c7f14d49484ef21\"},\"headline\":\"II DOMENICA DEL TEMPO ORDINARIO \u2013 B. 14 GENNAIO 2024\",\"datePublished\":\"2024-01-14T07:02:50+00:00\",\"dateModified\":\"2024-01-14T07:12:45+00:00\",\"mainEntityOfPage\":{\"@id\":\"https:\/\/www.parrocchietuscania.it\/chiesatuscania\/ii-domenica-del-tempo-ordinario-b-14-gennaio-2024\/\"},\"wordCount\":805,\"commentCount\":0,\"publisher\":{\"@id\":\"https:\/\/www.parrocchietuscania.it\/chiesatuscania\/#organization\"},\"articleSection\":[\"Lectio\"],\"inLanguage\":\"it-IT\",\"potentialAction\":[{\"@type\":\"CommentAction\",\"name\":\"Comment\",\"target\":[\"https:\/\/www.parrocchietuscania.it\/chiesatuscania\/ii-domenica-del-tempo-ordinario-b-14-gennaio-2024\/#respond\"]}]},{\"@type\":\"WebPage\",\"@id\":\"https:\/\/www.parrocchietuscania.it\/chiesatuscania\/ii-domenica-del-tempo-ordinario-b-14-gennaio-2024\/\",\"url\":\"https:\/\/www.parrocchietuscania.it\/chiesatuscania\/ii-domenica-del-tempo-ordinario-b-14-gennaio-2024\/\",\"name\":\"II DOMENICA DEL TEMPO ORDINARIO \u2013 B. 14 GENNAIO 2024 - Blog comunita parrocchiale Chiesa di Tuscania\",\"isPartOf\":{\"@id\":\"https:\/\/www.parrocchietuscania.it\/chiesatuscania\/#website\"},\"datePublished\":\"2024-01-14T07:02:50+00:00\",\"dateModified\":\"2024-01-14T07:12:45+00:00\",\"breadcrumb\":{\"@id\":\"https:\/\/www.parrocchietuscania.it\/chiesatuscania\/ii-domenica-del-tempo-ordinario-b-14-gennaio-2024\/#breadcrumb\"},\"inLanguage\":\"it-IT\",\"potentialAction\":[{\"@type\":\"ReadAction\",\"target\":[\"https:\/\/www.parrocchietuscania.it\/chiesatuscania\/ii-domenica-del-tempo-ordinario-b-14-gennaio-2024\/\"]}]},{\"@type\":\"BreadcrumbList\",\"@id\":\"https:\/\/www.parrocchietuscania.it\/chiesatuscania\/ii-domenica-del-tempo-ordinario-b-14-gennaio-2024\/#breadcrumb\",\"itemListElement\":[{\"@type\":\"ListItem\",\"position\":1,\"name\":\"Home\",\"item\":\"https:\/\/www.parrocchietuscania.it\/chiesatuscania\/\"},{\"@type\":\"ListItem\",\"position\":2,\"name\":\"II DOMENICA DEL TEMPO ORDINARIO \u2013 B. 14 GENNAIO 2024\"}]},{\"@type\":\"WebSite\",\"@id\":\"https:\/\/www.parrocchietuscania.it\/chiesatuscania\/#website\",\"url\":\"https:\/\/www.parrocchietuscania.it\/chiesatuscania\/\",\"name\":\"Blog comunit\u00e0 parrocchiale di Tuscania - Chiesa di Tuscania _Celebrazioni e Sante Messe Tuscania\",\"description\":\"Blog Chiesa di Tuscania  - parrocchia tuscania - celebrazioni e messe chiesa tuscania\",\"publisher\":{\"@id\":\"https:\/\/www.parrocchietuscania.it\/chiesatuscania\/#organization\"},\"potentialAction\":[{\"@type\":\"SearchAction\",\"target\":{\"@type\":\"EntryPoint\",\"urlTemplate\":\"https:\/\/www.parrocchietuscania.it\/chiesatuscania\/?s={search_term_string}\"},\"query-input\":\"required name=search_term_string\"}],\"inLanguage\":\"it-IT\"},{\"@type\":\"Organization\",\"@id\":\"https:\/\/www.parrocchietuscania.it\/chiesatuscania\/#organization\",\"name\":\"Blog comunit\u00e0 parrocchiale di Tuscania - Chiesa di Tuscania _Celebrazioni e Sante Messe Tuscania\",\"url\":\"https:\/\/www.parrocchietuscania.it\/chiesatuscania\/\",\"logo\":{\"@type\":\"ImageObject\",\"inLanguage\":\"it-IT\",\"@id\":\"https:\/\/www.parrocchietuscania.it\/chiesatuscania\/#\/schema\/logo\/image\/\",\"url\":\"http:\/\/www.parrocchietuscania.it\/chiesatuscania\/wp-content\/uploads\/2022\/12\/cropped-logo_120_120_semitrasparente.gif\",\"contentUrl\":\"http:\/\/www.parrocchietuscania.it\/chiesatuscania\/wp-content\/uploads\/2022\/12\/cropped-logo_120_120_semitrasparente.gif\",\"width\":512,\"height\":512,\"caption\":\"Blog comunit\u00e0 parrocchiale di Tuscania - Chiesa di Tuscania _Celebrazioni e Sante Messe Tuscania\"},\"image\":{\"@id\":\"https:\/\/www.parrocchietuscania.it\/chiesatuscania\/#\/schema\/logo\/image\/\"},\"sameAs\":[\"https:\/\/www.facebook.com\/parrocchietuscania\/\"]},{\"@type\":\"Person\",\"@id\":\"https:\/\/www.parrocchietuscania.it\/chiesatuscania\/#\/schema\/person\/65ff7c05de34372b9c7f14d49484ef21\",\"name\":\"umpasi.1949\",\"image\":{\"@type\":\"ImageObject\",\"inLanguage\":\"it-IT\",\"@id\":\"https:\/\/www.parrocchietuscania.it\/chiesatuscania\/#\/schema\/person\/image\/\",\"url\":\"https:\/\/secure.gravatar.com\/avatar\/8ed0b3a4b3fd5362b66557a5f1aa6d0934bff1d1fc2324f8cd9747be786e38dc?s=96&d=mm&r=g\",\"contentUrl\":\"https:\/\/secure.gravatar.com\/avatar\/8ed0b3a4b3fd5362b66557a5f1aa6d0934bff1d1fc2324f8cd9747be786e38dc?s=96&d=mm&r=g\",\"caption\":\"umpasi.1949\"},\"sameAs\":[\"http:\/\/www.parrocchietuscania.it\/chiesatuscania\"],\"url\":\"https:\/\/www.parrocchietuscania.it\/chiesatuscania\/author\/umpasi-1949\/\"}]}<\/script>\n<!-- \/ Yoast SEO plugin. -->","yoast_head_json":{"title":"II DOMENICA DEL TEMPO ORDINARIO \u2013 B. 14 GENNAIO 2024 - Blog comunita parrocchiale Chiesa di Tuscania","robots":{"index":"index","follow":"follow","max-snippet":"max-snippet:-1","max-image-preview":"max-image-preview:large","max-video-preview":"max-video-preview:-1"},"canonical":"https:\/\/www.parrocchietuscania.it\/chiesatuscania\/ii-domenica-del-tempo-ordinario-b-14-gennaio-2024\/","og_locale":"it_IT","og_type":"article","og_title":"II DOMENICA DEL TEMPO ORDINARIO \u2013 B. 14 GENNAIO 2024 - Blog comunita parrocchiale Chiesa di Tuscania","og_description":"Samu\u00e8le 3,1-10.19-20; Salmo 39 (40); 1Cor\u00ecnzi 6,13c-15a.17-20; Giovanni 1,35-42 Teologia del Corpo 1. \u00abLa parola del Signore era rara\u00bb nei giorni di Eli profeta. Il frastuono era ostacolo all\u2019ascolto del Signore Dio. Un fanciullo, nel silenzio, nell\u2019ascolto e nell\u2019assistenza di Eli era in attesa della Parola: \u00abIl Signore chiam\u00f2 il fanciullo: Samu\u00e8le!\u00bb. Samuele sobbalz\u00f2 in [&hellip;]","og_url":"https:\/\/www.parrocchietuscania.it\/chiesatuscania\/ii-domenica-del-tempo-ordinario-b-14-gennaio-2024\/","og_site_name":"Blog comunita parrocchiale Chiesa di Tuscania","article_publisher":"https:\/\/www.facebook.com\/parrocchietuscania\/","article_published_time":"2024-01-14T07:02:50+00:00","article_modified_time":"2024-01-14T07:12:45+00:00","author":"umpasi.1949","twitter_card":"summary_large_image","twitter_misc":{"Scritto da":"umpasi.1949","Tempo di lettura stimato":"5 minuti"},"schema":{"@context":"https:\/\/schema.org","@graph":[{"@type":"Article","@id":"https:\/\/www.parrocchietuscania.it\/chiesatuscania\/ii-domenica-del-tempo-ordinario-b-14-gennaio-2024\/#article","isPartOf":{"@id":"https:\/\/www.parrocchietuscania.it\/chiesatuscania\/ii-domenica-del-tempo-ordinario-b-14-gennaio-2024\/"},"author":{"name":"umpasi.1949","@id":"https:\/\/www.parrocchietuscania.it\/chiesatuscania\/#\/schema\/person\/65ff7c05de34372b9c7f14d49484ef21"},"headline":"II DOMENICA DEL TEMPO ORDINARIO \u2013 B. 14 GENNAIO 2024","datePublished":"2024-01-14T07:02:50+00:00","dateModified":"2024-01-14T07:12:45+00:00","mainEntityOfPage":{"@id":"https:\/\/www.parrocchietuscania.it\/chiesatuscania\/ii-domenica-del-tempo-ordinario-b-14-gennaio-2024\/"},"wordCount":805,"commentCount":0,"publisher":{"@id":"https:\/\/www.parrocchietuscania.it\/chiesatuscania\/#organization"},"articleSection":["Lectio"],"inLanguage":"it-IT","potentialAction":[{"@type":"CommentAction","name":"Comment","target":["https:\/\/www.parrocchietuscania.it\/chiesatuscania\/ii-domenica-del-tempo-ordinario-b-14-gennaio-2024\/#respond"]}]},{"@type":"WebPage","@id":"https:\/\/www.parrocchietuscania.it\/chiesatuscania\/ii-domenica-del-tempo-ordinario-b-14-gennaio-2024\/","url":"https:\/\/www.parrocchietuscania.it\/chiesatuscania\/ii-domenica-del-tempo-ordinario-b-14-gennaio-2024\/","name":"II DOMENICA DEL TEMPO ORDINARIO \u2013 B. 14 GENNAIO 2024 - Blog comunita parrocchiale Chiesa di Tuscania","isPartOf":{"@id":"https:\/\/www.parrocchietuscania.it\/chiesatuscania\/#website"},"datePublished":"2024-01-14T07:02:50+00:00","dateModified":"2024-01-14T07:12:45+00:00","breadcrumb":{"@id":"https:\/\/www.parrocchietuscania.it\/chiesatuscania\/ii-domenica-del-tempo-ordinario-b-14-gennaio-2024\/#breadcrumb"},"inLanguage":"it-IT","potentialAction":[{"@type":"ReadAction","target":["https:\/\/www.parrocchietuscania.it\/chiesatuscania\/ii-domenica-del-tempo-ordinario-b-14-gennaio-2024\/"]}]},{"@type":"BreadcrumbList","@id":"https:\/\/www.parrocchietuscania.it\/chiesatuscania\/ii-domenica-del-tempo-ordinario-b-14-gennaio-2024\/#breadcrumb","itemListElement":[{"@type":"ListItem","position":1,"name":"Home","item":"https:\/\/www.parrocchietuscania.it\/chiesatuscania\/"},{"@type":"ListItem","position":2,"name":"II DOMENICA DEL TEMPO ORDINARIO \u2013 B. 14 GENNAIO 2024"}]},{"@type":"WebSite","@id":"https:\/\/www.parrocchietuscania.it\/chiesatuscania\/#website","url":"https:\/\/www.parrocchietuscania.it\/chiesatuscania\/","name":"Blog comunit\u00e0 parrocchiale di Tuscania - Chiesa di Tuscania _Celebrazioni e Sante Messe Tuscania","description":"Blog Chiesa di Tuscania  - parrocchia tuscania - celebrazioni e messe chiesa tuscania","publisher":{"@id":"https:\/\/www.parrocchietuscania.it\/chiesatuscania\/#organization"},"potentialAction":[{"@type":"SearchAction","target":{"@type":"EntryPoint","urlTemplate":"https:\/\/www.parrocchietuscania.it\/chiesatuscania\/?s={search_term_string}"},"query-input":"required name=search_term_string"}],"inLanguage":"it-IT"},{"@type":"Organization","@id":"https:\/\/www.parrocchietuscania.it\/chiesatuscania\/#organization","name":"Blog comunit\u00e0 parrocchiale di Tuscania - Chiesa di Tuscania _Celebrazioni e Sante Messe Tuscania","url":"https:\/\/www.parrocchietuscania.it\/chiesatuscania\/","logo":{"@type":"ImageObject","inLanguage":"it-IT","@id":"https:\/\/www.parrocchietuscania.it\/chiesatuscania\/#\/schema\/logo\/image\/","url":"http:\/\/www.parrocchietuscania.it\/chiesatuscania\/wp-content\/uploads\/2022\/12\/cropped-logo_120_120_semitrasparente.gif","contentUrl":"http:\/\/www.parrocchietuscania.it\/chiesatuscania\/wp-content\/uploads\/2022\/12\/cropped-logo_120_120_semitrasparente.gif","width":512,"height":512,"caption":"Blog comunit\u00e0 parrocchiale di Tuscania - Chiesa di Tuscania _Celebrazioni e Sante Messe Tuscania"},"image":{"@id":"https:\/\/www.parrocchietuscania.it\/chiesatuscania\/#\/schema\/logo\/image\/"},"sameAs":["https:\/\/www.facebook.com\/parrocchietuscania\/"]},{"@type":"Person","@id":"https:\/\/www.parrocchietuscania.it\/chiesatuscania\/#\/schema\/person\/65ff7c05de34372b9c7f14d49484ef21","name":"umpasi.1949","image":{"@type":"ImageObject","inLanguage":"it-IT","@id":"https:\/\/www.parrocchietuscania.it\/chiesatuscania\/#\/schema\/person\/image\/","url":"https:\/\/secure.gravatar.com\/avatar\/8ed0b3a4b3fd5362b66557a5f1aa6d0934bff1d1fc2324f8cd9747be786e38dc?s=96&d=mm&r=g","contentUrl":"https:\/\/secure.gravatar.com\/avatar\/8ed0b3a4b3fd5362b66557a5f1aa6d0934bff1d1fc2324f8cd9747be786e38dc?s=96&d=mm&r=g","caption":"umpasi.1949"},"sameAs":["http:\/\/www.parrocchietuscania.it\/chiesatuscania"],"url":"https:\/\/www.parrocchietuscania.it\/chiesatuscania\/author\/umpasi-1949\/"}]}},"_links":{"self":[{"href":"https:\/\/www.parrocchietuscania.it\/chiesatuscania\/wp-json\/wp\/v2\/posts\/3944","targetHints":{"allow":["GET"]}}],"collection":[{"href":"https:\/\/www.parrocchietuscania.it\/chiesatuscania\/wp-json\/wp\/v2\/posts"}],"about":[{"href":"https:\/\/www.parrocchietuscania.it\/chiesatuscania\/wp-json\/wp\/v2\/types\/post"}],"author":[{"embeddable":true,"href":"https:\/\/www.parrocchietuscania.it\/chiesatuscania\/wp-json\/wp\/v2\/users\/1"}],"replies":[{"embeddable":true,"href":"https:\/\/www.parrocchietuscania.it\/chiesatuscania\/wp-json\/wp\/v2\/comments?post=3944"}],"version-history":[{"count":3,"href":"https:\/\/www.parrocchietuscania.it\/chiesatuscania\/wp-json\/wp\/v2\/posts\/3944\/revisions"}],"predecessor-version":[{"id":3949,"href":"https:\/\/www.parrocchietuscania.it\/chiesatuscania\/wp-json\/wp\/v2\/posts\/3944\/revisions\/3949"}],"wp:attachment":[{"href":"https:\/\/www.parrocchietuscania.it\/chiesatuscania\/wp-json\/wp\/v2\/media?parent=3944"}],"wp:term":[{"taxonomy":"category","embeddable":true,"href":"https:\/\/www.parrocchietuscania.it\/chiesatuscania\/wp-json\/wp\/v2\/categories?post=3944"},{"taxonomy":"post_tag","embeddable":true,"href":"https:\/\/www.parrocchietuscania.it\/chiesatuscania\/wp-json\/wp\/v2\/tags?post=3944"}],"curies":[{"name":"wp","href":"https:\/\/api.w.org\/{rel}","templated":true}]}}